{"id":199,"date":"2025-04-30T17:17:23","date_gmt":"2025-04-30T20:17:23","guid":{"rendered":"https:\/\/www.viafibra.com.br\/blog\/?p=199"},"modified":"2025-11-18T09:45:58","modified_gmt":"2025-11-18T12:45:58","slug":"conexao-que-aproxima-celebre-o-dia-das-maes-com-internet-rapida-para-estar-mais-perto-mesmo-de-longe","status":"publish","type":"post","link":"https:\/\/www.viafibra.com.br\/blog\/conexao-que-aproxima-celebre-o-dia-das-maes-com-internet-rapida-para-estar-mais-perto-mesmo-de-longe\/","title":{"rendered":"Conex\u00e3o que Aproxima: Celebre o Dia das M\u00e3es com Internet R\u00e1pida para Estar Mais Perto, Mesmo de Longe."},"content":{"rendered":"\n<p>O <strong>Dia das M\u00e3es<\/strong> \u00e9 um momento de carinho, celebra\u00e7\u00e3o e, acima de tudo, <a href=\"https:\/\/www.viafibra.com.br\/blog\/?p=182\">conex\u00e3o<\/a>. Ainda que a dist\u00e2ncia f\u00edsica possa separar, a tecnologia certa aproxima. Em tempos de encontros virtuais, chamadas de v\u00eddeo e mensagens de carinho enviadas pela internet, contar com uma <strong>internet fibra \u00f3ptica em Vinhedo<\/strong> ou <strong>Louveira<\/strong> faz toda a diferen\u00e7a para estar junto, mesmo estando longe.<\/p>\n\n\n\n<h3 class=\"wp-block-heading\"><strong>Afinal, o que \u00e9 estar perto?<\/strong><\/h3>\n\n\n\n<p>Hoje, estar presente \u00e9 muito mais do que dividir o mesmo espa\u00e7o f\u00edsico. Com a <strong>melhor internet em Vinhedo<\/strong>, \u00e9 poss\u00edvel assistir a um filme junto com sua m\u00e3e, mesmo que em cidades diferentes. Al\u00e9m disso, voc\u00ea pode enviar aquele v\u00eddeo especial, fazer uma chamada com qualidade ou compartilhar mem\u00f3rias em alta velocidade.<\/p>\n\n\n\n<p>Por isso, investir em <strong>planos fibra Vinhedo<\/strong> \u00e9 tamb\u00e9m investir em momentos reais, com menos travamentos e mais emo\u00e7\u00e3o.<\/p>\n\n\n\n<h3 class=\"wp-block-heading\"><strong>Antes de tudo, pense na estabilidade da sua conex\u00e3o<\/strong><\/h3>\n\n\n\n<p>Para que essas experi\u00eancias aconte\u00e7am sem interrup\u00e7\u00f5es, \u00e9 essencial ter uma internet que entrega aquilo que promete. Afinal, travamentos durante uma chamada com sua m\u00e3e no domingo mais especial do ano&#8230; ningu\u00e9m merece!<\/p>\n\n\n\n<p>Nesse sentido, a <strong>Viafibra<\/strong> se destaca entre as <strong>empresas de fibra em Vinhedo<\/strong> e regi\u00e3o, por oferecer planos com conex\u00e3o est\u00e1vel, r\u00e1pida e suporte humanizado. Com cobertura que alcan\u00e7a mais de 90% de Louveira, incluindo os principais bairros da cidade, garantimos uma conex\u00e3o est\u00e1vel, r\u00e1pida e que realmente se aproxima. Uma experi\u00eancia de internet feita para quem exige mais.<\/p>\n\n\n\n<h3 class=\"wp-block-heading\"><strong>Presenteie com Conex\u00e3o de Verdade neste Dia das M\u00e3es \ud83c\udf81<\/strong><\/h3>\n\n\n\n<p>Pensando em tornar esse momento ainda mais marcante, a Viafibra preparou uma <strong>condi\u00e7\u00e3o especial para o Dia das M\u00e3es<\/strong>! Ao contratar nossos <strong>combos de internet em Vinhedo<\/strong>, voc\u00ea garante mais do que velocidade \u2014 entrega <strong>emo\u00e7\u00e3o, proximidade e bem-estar<\/strong> para quem sempre esteve ao seu lado.<\/p>\n\n\n\n<p>Al\u00e9m da <strong>internet fibra \u00f3ptica Vinhedo<\/strong>, nossos combos incluem aplicativos exclusivos como o <strong>Tocalivros<\/strong>, perfeito para sua m\u00e3e ouvir os melhores audiobooks com conforto, e o <strong>Bit trainers<\/strong>, uma academia online pr\u00e1tica para ela cuidar da sa\u00fade sem sair de casa.<\/p>\n\n\n\n<p>Ou seja, esse \u00e9 o tipo de presente que <strong>dura muito al\u00e9m da data comemorativa<\/strong>. \u00c9 conex\u00e3o todos os dias, com qualidade e carinho.<\/p>\n\n\n\n<h3 class=\"wp-block-heading\"><strong>Al\u00e9m da internet, tamb\u00e9m oferecemos telefonia fixa com qualidade<\/strong><\/h3>\n\n\n\n<p>Para quem ainda prefere ouvir a voz da m\u00e3e pelo bom e velho telefone fixo, temos \u00f3timas op\u00e7\u00f5es de <strong>fibra telefone Vinhedo<\/strong>. Nossos planos incluem \u00f3tima qualidade de \u00e1udio e estabilidade \u2014 nada de liga\u00e7\u00f5es cortadas ou chiados.<\/p>\n\n\n\n<p>Dessa forma, voc\u00ea pode estar presente todos os dias, com uma liga\u00e7\u00e3o r\u00e1pida no caf\u00e9 da manh\u00e3 ou um \u201cboa noite\u201d antes de dormir.<\/p>\n\n\n\n<h3 class=\"wp-block-heading\"><strong>Quer presentear sua m\u00e3e com o que ela mais precisa? Escolha Viafibra!<\/strong><\/h3>\n\n\n\n<p>A <strong>Viafibra<\/strong> se diferencia pela <strong>instala\u00e7\u00e3o de internet em Vinhedo<\/strong> \u00e1gil, suporte 24 horas e um atendimento feito por quem entende de verdade de conex\u00e3o.<\/p>\n\n\n\n<p>Inclusive, o nosso <strong>ponto adicional por apenas R$ 14,90\/m\u00eas<\/strong> garante sinal em todos os c\u00f4modos, perfeito para quem quer navegar no quarto, na cozinha ou na sala com a mesma qualidade.<\/p>\n\n\n\n<p>Portanto, se a sua casa precisa de mais velocidade e estabilidade para conectar gera\u00e7\u00f5es, compartilhar mem\u00f3rias e viver momentos especiais, <strong>a melhor fibra \u00f3ptica em Vinhedo<\/strong> e Louveira est\u00e1 aqui: <strong>\u00e9 Viafibra<\/strong>!<\/p>\n\n\n\n<h3 class=\"wp-block-heading\"><strong>Em resumo: tecnologia tamb\u00e9m \u00e9 carinho<\/strong><\/h3>\n\n\n\n<p>Neste <strong>Dia das M\u00e3es<\/strong>, celebre de forma moderna e especial. D\u00ea um presente que cria pontes, que encurta dist\u00e2ncias e que fortalece v\u00ednculos: uma internet que funcione de verdade.<\/p>\n\n\n\n<p>\u27a1\ufe0f <strong>Contrate agora a melhor internet fibra \u00f3ptica Vinhedo<\/strong> e aproveite nossa <strong>promo\u00e7\u00e3o de internet Vinhedo<\/strong> exclusiva para a data. Entre no site<a href=\"https:\/\/viafibra.com.br\/contrate\"> viafibra.com.br\/contrate<\/a> e escolha o plano ideal para voc\u00ea e sua m\u00e3e.<\/p>\n\n\n\n<p>\ud83d\udc99 Porque aqui, <strong>conex\u00e3o tamb\u00e9m \u00e9 cuidado<\/strong>. Conte com a <strong><a href=\"http:\/\/viafibra.com.br\">Viafibra<\/a><\/strong>, a <strong>melhor internet em Vinhedo e Louveira<\/strong>, para tornar esse Dia das M\u00e3es ainda mais inesquec\u00edvel.<\/p>\n","protected":false},"excerpt":{"rendered":"<p>O Dia das M\u00e3es \u00e9 um momento de carinho, celebra\u00e7\u00e3o e, acima de tudo, conex\u00e3o. Ainda que a dist\u00e2ncia f\u00edsica possa separar, a tecnologia certa aproxima. Em tempos de encontros virtuais, chamadas de v\u00eddeo e mensagens de carinho enviadas pela internet, contar com uma internet fibra \u00f3ptica em Vinhedo ou Louveira faz toda a diferen\u00e7a [&hellip;]<\/p>\n","protected":false},"author":1,"featured_media":203,"comment_status":"open","ping_status":"open","sticky":false,"template":"","format":"standard","meta":{"footnotes":""},"categories":[9],"tags":[],"class_list":["post-199","post","type-post","status-publish","format-standard","has-post-thumbnail","hentry","category-internet"],"yoast_head":"<!-- This site is optimized with the Yoast SEO plugin v27.5 - https:\/\/yoast.com\/product\/yoast-seo-wordpress\/ -->\n<title>Conex\u00e3o que Aproxima: Celebre o Dia das M\u00e3es com Internet R\u00e1pida para Estar Mais Perto, Mesmo de Longe. - ViaFibra Blog<\/title>\n<meta name=\"description\" content=\"O Dia das M\u00e3es \u00e9 um momento de carinho, celebra\u00e7\u00e3o e, acima de tudo, conex\u00e3o. Ainda que a dist\u00e2ncia f\u00edsica possa separar, a tecnologia...\" \/>\n<meta name=\"robots\" content=\"index, follow, max-snippet:-1, max-image-preview:large, max-video-preview:-1\" \/>\n<link rel=\"canonical\" href=\"https:\/\/www.viafibra.com.br\/blog\/conexao-que-aproxima-celebre-o-dia-das-maes-com-internet-rapida-para-estar-mais-perto-mesmo-de-longe\/\" \/>\n<meta property=\"og:locale\" content=\"pt_BR\" \/>\n<meta property=\"og:type\" content=\"article\" \/>\n<meta property=\"og:title\" content=\"Conex\u00e3o que Aproxima: Celebre o Dia das M\u00e3es com Internet R\u00e1pida para Estar Mais Perto, Mesmo de Longe. - ViaFibra Blog\" \/>\n<meta property=\"og:description\" content=\"O Dia das M\u00e3es \u00e9 um momento de carinho, celebra\u00e7\u00e3o e, acima de tudo, conex\u00e3o. Ainda que a dist\u00e2ncia f\u00edsica possa separar, a tecnologia...\" \/>\n<meta property=\"og:url\" content=\"https:\/\/www.viafibra.com.br\/blog\/conexao-que-aproxima-celebre-o-dia-das-maes-com-internet-rapida-para-estar-mais-perto-mesmo-de-longe\/\" \/>\n<meta property=\"og:site_name\" content=\"ViaFibra Blog\" \/>\n<meta property=\"article:publisher\" content=\"https:\/\/www.facebook.com\/viafibrainternet\/\" \/>\n<meta property=\"article:published_time\" content=\"2025-04-30T20:17:23+00:00\" \/>\n<meta property=\"article:modified_time\" content=\"2025-11-18T12:45:58+00:00\" \/>\n<meta property=\"og:image\" content=\"https:\/\/www.viafibra.com.br\/blog\/wp-content\/uploads\/2025\/04\/Banner-15_05-1280x720-1.jpg\" \/>\n\t<meta property=\"og:image:width\" content=\"1280\" \/>\n\t<meta property=\"og:image:height\" content=\"720\" \/>\n\t<meta property=\"og:image:type\" content=\"image\/jpeg\" \/>\n<meta name=\"author\" content=\"viafibra_admin\" \/>\n<meta name=\"twitter:card\" content=\"summary_large_image\" \/>\n<meta name=\"twitter:label1\" content=\"Escrito por\" \/>\n\t<meta name=\"twitter:data1\" content=\"viafibra_admin\" \/>\n\t<meta name=\"twitter:label2\" content=\"Est. tempo de leitura\" \/>\n\t<meta name=\"twitter:data2\" content=\"4 minutos\" \/>\n<script type=\"application\/ld+json\" class=\"yoast-schema-graph\">{\"@context\":\"https:\\\/\\\/schema.org\",\"@graph\":[{\"@type\":\"Article\",\"@id\":\"https:\\\/\\\/www.viafibra.com.br\\\/blog\\\/conexao-que-aproxima-celebre-o-dia-das-maes-com-internet-rapida-para-estar-mais-perto-mesmo-de-longe\\\/#article\",\"isPartOf\":{\"@id\":\"https:\\\/\\\/www.viafibra.com.br\\\/blog\\\/conexao-que-aproxima-celebre-o-dia-das-maes-com-internet-rapida-para-estar-mais-perto-mesmo-de-longe\\\/\"},\"author\":{\"name\":\"viafibra_admin\",\"@id\":\"https:\\\/\\\/www.viafibra.com.br\\\/blog\\\/#\\\/schema\\\/person\\\/bd583030c995786752abb3742367d6fd\"},\"headline\":\"Conex\u00e3o que Aproxima: Celebre o Dia das M\u00e3es com Internet R\u00e1pida para Estar Mais Perto, Mesmo de Longe.\",\"datePublished\":\"2025-04-30T20:17:23+00:00\",\"dateModified\":\"2025-11-18T12:45:58+00:00\",\"mainEntityOfPage\":{\"@id\":\"https:\\\/\\\/www.viafibra.com.br\\\/blog\\\/conexao-que-aproxima-celebre-o-dia-das-maes-com-internet-rapida-para-estar-mais-perto-mesmo-de-longe\\\/\"},\"wordCount\":700,\"commentCount\":0,\"image\":{\"@id\":\"https:\\\/\\\/www.viafibra.com.br\\\/blog\\\/conexao-que-aproxima-celebre-o-dia-das-maes-com-internet-rapida-para-estar-mais-perto-mesmo-de-longe\\\/#primaryimage\"},\"thumbnailUrl\":\"https:\\\/\\\/www.viafibra.com.br\\\/blog\\\/wp-content\\\/uploads\\\/2025\\\/04\\\/Banner-15_05-1280x720-1.jpg\",\"articleSection\":[\"Internet\"],\"inLanguage\":\"pt-BR\",\"potentialAction\":[{\"@type\":\"CommentAction\",\"name\":\"Comment\",\"target\":[\"https:\\\/\\\/www.viafibra.com.br\\\/blog\\\/conexao-que-aproxima-celebre-o-dia-das-maes-com-internet-rapida-para-estar-mais-perto-mesmo-de-longe\\\/#respond\"]}]},{\"@type\":\"WebPage\",\"@id\":\"https:\\\/\\\/www.viafibra.com.br\\\/blog\\\/conexao-que-aproxima-celebre-o-dia-das-maes-com-internet-rapida-para-estar-mais-perto-mesmo-de-longe\\\/\",\"url\":\"https:\\\/\\\/www.viafibra.com.br\\\/blog\\\/conexao-que-aproxima-celebre-o-dia-das-maes-com-internet-rapida-para-estar-mais-perto-mesmo-de-longe\\\/\",\"name\":\"Conex\u00e3o que Aproxima: Celebre o Dia das M\u00e3es com Internet R\u00e1pida para Estar Mais Perto, Mesmo de Longe. - ViaFibra Blog\",\"isPartOf\":{\"@id\":\"https:\\\/\\\/www.viafibra.com.br\\\/blog\\\/#website\"},\"primaryImageOfPage\":{\"@id\":\"https:\\\/\\\/www.viafibra.com.br\\\/blog\\\/conexao-que-aproxima-celebre-o-dia-das-maes-com-internet-rapida-para-estar-mais-perto-mesmo-de-longe\\\/#primaryimage\"},\"image\":{\"@id\":\"https:\\\/\\\/www.viafibra.com.br\\\/blog\\\/conexao-que-aproxima-celebre-o-dia-das-maes-com-internet-rapida-para-estar-mais-perto-mesmo-de-longe\\\/#primaryimage\"},\"thumbnailUrl\":\"https:\\\/\\\/www.viafibra.com.br\\\/blog\\\/wp-content\\\/uploads\\\/2025\\\/04\\\/Banner-15_05-1280x720-1.jpg\",\"datePublished\":\"2025-04-30T20:17:23+00:00\",\"dateModified\":\"2025-11-18T12:45:58+00:00\",\"author\":{\"@id\":\"https:\\\/\\\/www.viafibra.com.br\\\/blog\\\/#\\\/schema\\\/person\\\/bd583030c995786752abb3742367d6fd\"},\"description\":\"O Dia das M\u00e3es \u00e9 um momento de carinho, celebra\u00e7\u00e3o e, acima de tudo, conex\u00e3o. Ainda que a dist\u00e2ncia f\u00edsica possa separar, a tecnologia...\",\"breadcrumb\":{\"@id\":\"https:\\\/\\\/www.viafibra.com.br\\\/blog\\\/conexao-que-aproxima-celebre-o-dia-das-maes-com-internet-rapida-para-estar-mais-perto-mesmo-de-longe\\\/#breadcrumb\"},\"inLanguage\":\"pt-BR\",\"potentialAction\":[{\"@type\":\"ReadAction\",\"target\":[\"https:\\\/\\\/www.viafibra.com.br\\\/blog\\\/conexao-que-aproxima-celebre-o-dia-das-maes-com-internet-rapida-para-estar-mais-perto-mesmo-de-longe\\\/\"]}]},{\"@type\":\"ImageObject\",\"inLanguage\":\"pt-BR\",\"@id\":\"https:\\\/\\\/www.viafibra.com.br\\\/blog\\\/conexao-que-aproxima-celebre-o-dia-das-maes-com-internet-rapida-para-estar-mais-perto-mesmo-de-longe\\\/#primaryimage\",\"url\":\"https:\\\/\\\/www.viafibra.com.br\\\/blog\\\/wp-content\\\/uploads\\\/2025\\\/04\\\/Banner-15_05-1280x720-1.jpg\",\"contentUrl\":\"https:\\\/\\\/www.viafibra.com.br\\\/blog\\\/wp-content\\\/uploads\\\/2025\\\/04\\\/Banner-15_05-1280x720-1.jpg\",\"width\":1280,\"height\":720},{\"@type\":\"BreadcrumbList\",\"@id\":\"https:\\\/\\\/www.viafibra.com.br\\\/blog\\\/conexao-que-aproxima-celebre-o-dia-das-maes-com-internet-rapida-para-estar-mais-perto-mesmo-de-longe\\\/#breadcrumb\",\"itemListElement\":[{\"@type\":\"ListItem\",\"position\":1,\"name\":\"In\u00edcio\",\"item\":\"https:\\\/\\\/www.viafibra.com.br\\\/blog\\\/\"},{\"@type\":\"ListItem\",\"position\":2,\"name\":\"Conex\u00e3o que Aproxima: Celebre o Dia das M\u00e3es com Internet R\u00e1pida para Estar Mais Perto, Mesmo de Longe.\"}]},{\"@type\":\"WebSite\",\"@id\":\"https:\\\/\\\/www.viafibra.com.br\\\/blog\\\/#website\",\"url\":\"https:\\\/\\\/www.viafibra.com.br\\\/blog\\\/\",\"name\":\"ViaFibra Blog\",\"description\":\"\",\"potentialAction\":[{\"@type\":\"SearchAction\",\"target\":{\"@type\":\"EntryPoint\",\"urlTemplate\":\"https:\\\/\\\/www.viafibra.com.br\\\/blog\\\/?s={search_term_string}\"},\"query-input\":{\"@type\":\"PropertyValueSpecification\",\"valueRequired\":true,\"valueName\":\"search_term_string\"}}],\"inLanguage\":\"pt-BR\"},{\"@type\":\"Person\",\"@id\":\"https:\\\/\\\/www.viafibra.com.br\\\/blog\\\/#\\\/schema\\\/person\\\/bd583030c995786752abb3742367d6fd\",\"name\":\"viafibra_admin\",\"image\":{\"@type\":\"ImageObject\",\"inLanguage\":\"pt-BR\",\"@id\":\"https:\\\/\\\/secure.gravatar.com\\\/avatar\\\/60358fac3f267925467708f7d18484910b8f175b03ecf02d3de342f46b1d54c4?s=96&d=mm&r=g\",\"url\":\"https:\\\/\\\/secure.gravatar.com\\\/avatar\\\/60358fac3f267925467708f7d18484910b8f175b03ecf02d3de342f46b1d54c4?s=96&d=mm&r=g\",\"contentUrl\":\"https:\\\/\\\/secure.gravatar.com\\\/avatar\\\/60358fac3f267925467708f7d18484910b8f175b03ecf02d3de342f46b1d54c4?s=96&d=mm&r=g\",\"caption\":\"viafibra_admin\"},\"sameAs\":[\"https:\\\/\\\/www.viafibra.com.br\\\/blog\"],\"url\":\"https:\\\/\\\/www.viafibra.com.br\\\/blog\\\/author\\\/viafibra_admin\\\/\"}]}<\/script>\n<!-- \/ Yoast SEO plugin. -->","yoast_head_json":{"title":"Conex\u00e3o que Aproxima: Celebre o Dia das M\u00e3es com Internet R\u00e1pida para Estar Mais Perto, Mesmo de Longe. - ViaFibra Blog","description":"O Dia das M\u00e3es \u00e9 um momento de carinho, celebra\u00e7\u00e3o e, acima de tudo, conex\u00e3o. Ainda que a dist\u00e2ncia f\u00edsica possa separar, a tecnologia...","robots":{"index":"index","follow":"follow","max-snippet":"max-snippet:-1","max-image-preview":"max-image-preview:large","max-video-preview":"max-video-preview:-1"},"canonical":"https:\/\/www.viafibra.com.br\/blog\/conexao-que-aproxima-celebre-o-dia-das-maes-com-internet-rapida-para-estar-mais-perto-mesmo-de-longe\/","og_locale":"pt_BR","og_type":"article","og_title":"Conex\u00e3o que Aproxima: Celebre o Dia das M\u00e3es com Internet R\u00e1pida para Estar Mais Perto, Mesmo de Longe. - ViaFibra Blog","og_description":"O Dia das M\u00e3es \u00e9 um momento de carinho, celebra\u00e7\u00e3o e, acima de tudo, conex\u00e3o. Ainda que a dist\u00e2ncia f\u00edsica possa separar, a tecnologia...","og_url":"https:\/\/www.viafibra.com.br\/blog\/conexao-que-aproxima-celebre-o-dia-das-maes-com-internet-rapida-para-estar-mais-perto-mesmo-de-longe\/","og_site_name":"ViaFibra Blog","article_publisher":"https:\/\/www.facebook.com\/viafibrainternet\/","article_published_time":"2025-04-30T20:17:23+00:00","article_modified_time":"2025-11-18T12:45:58+00:00","og_image":[{"width":1280,"height":720,"url":"https:\/\/www.viafibra.com.br\/blog\/wp-content\/uploads\/2025\/04\/Banner-15_05-1280x720-1.jpg","type":"image\/jpeg"}],"author":"viafibra_admin","twitter_card":"summary_large_image","twitter_misc":{"Escrito por":"viafibra_admin","Est. tempo de leitura":"4 minutos"},"schema":{"@context":"https:\/\/schema.org","@graph":[{"@type":"Article","@id":"https:\/\/www.viafibra.com.br\/blog\/conexao-que-aproxima-celebre-o-dia-das-maes-com-internet-rapida-para-estar-mais-perto-mesmo-de-longe\/#article","isPartOf":{"@id":"https:\/\/www.viafibra.com.br\/blog\/conexao-que-aproxima-celebre-o-dia-das-maes-com-internet-rapida-para-estar-mais-perto-mesmo-de-longe\/"},"author":{"name":"viafibra_admin","@id":"https:\/\/www.viafibra.com.br\/blog\/#\/schema\/person\/bd583030c995786752abb3742367d6fd"},"headline":"Conex\u00e3o que Aproxima: Celebre o Dia das M\u00e3es com Internet R\u00e1pida para Estar Mais Perto, Mesmo de Longe.","datePublished":"2025-04-30T20:17:23+00:00","dateModified":"2025-11-18T12:45:58+00:00","mainEntityOfPage":{"@id":"https:\/\/www.viafibra.com.br\/blog\/conexao-que-aproxima-celebre-o-dia-das-maes-com-internet-rapida-para-estar-mais-perto-mesmo-de-longe\/"},"wordCount":700,"commentCount":0,"image":{"@id":"https:\/\/www.viafibra.com.br\/blog\/conexao-que-aproxima-celebre-o-dia-das-maes-com-internet-rapida-para-estar-mais-perto-mesmo-de-longe\/#primaryimage"},"thumbnailUrl":"https:\/\/www.viafibra.com.br\/blog\/wp-content\/uploads\/2025\/04\/Banner-15_05-1280x720-1.jpg","articleSection":["Internet"],"inLanguage":"pt-BR","potentialAction":[{"@type":"CommentAction","name":"Comment","target":["https:\/\/www.viafibra.com.br\/blog\/conexao-que-aproxima-celebre-o-dia-das-maes-com-internet-rapida-para-estar-mais-perto-mesmo-de-longe\/#respond"]}]},{"@type":"WebPage","@id":"https:\/\/www.viafibra.com.br\/blog\/conexao-que-aproxima-celebre-o-dia-das-maes-com-internet-rapida-para-estar-mais-perto-mesmo-de-longe\/","url":"https:\/\/www.viafibra.com.br\/blog\/conexao-que-aproxima-celebre-o-dia-das-maes-com-internet-rapida-para-estar-mais-perto-mesmo-de-longe\/","name":"Conex\u00e3o que Aproxima: Celebre o Dia das M\u00e3es com Internet R\u00e1pida para Estar Mais Perto, Mesmo de Longe. - ViaFibra Blog","isPartOf":{"@id":"https:\/\/www.viafibra.com.br\/blog\/#website"},"primaryImageOfPage":{"@id":"https:\/\/www.viafibra.com.br\/blog\/conexao-que-aproxima-celebre-o-dia-das-maes-com-internet-rapida-para-estar-mais-perto-mesmo-de-longe\/#primaryimage"},"image":{"@id":"https:\/\/www.viafibra.com.br\/blog\/conexao-que-aproxima-celebre-o-dia-das-maes-com-internet-rapida-para-estar-mais-perto-mesmo-de-longe\/#primaryimage"},"thumbnailUrl":"https:\/\/www.viafibra.com.br\/blog\/wp-content\/uploads\/2025\/04\/Banner-15_05-1280x720-1.jpg","datePublished":"2025-04-30T20:17:23+00:00","dateModified":"2025-11-18T12:45:58+00:00","author":{"@id":"https:\/\/www.viafibra.com.br\/blog\/#\/schema\/person\/bd583030c995786752abb3742367d6fd"},"description":"O Dia das M\u00e3es \u00e9 um momento de carinho, celebra\u00e7\u00e3o e, acima de tudo, conex\u00e3o. Ainda que a dist\u00e2ncia f\u00edsica possa separar, a tecnologia...","breadcrumb":{"@id":"https:\/\/www.viafibra.com.br\/blog\/conexao-que-aproxima-celebre-o-dia-das-maes-com-internet-rapida-para-estar-mais-perto-mesmo-de-longe\/#breadcrumb"},"inLanguage":"pt-BR","potentialAction":[{"@type":"ReadAction","target":["https:\/\/www.viafibra.com.br\/blog\/conexao-que-aproxima-celebre-o-dia-das-maes-com-internet-rapida-para-estar-mais-perto-mesmo-de-longe\/"]}]},{"@type":"ImageObject","inLanguage":"pt-BR","@id":"https:\/\/www.viafibra.com.br\/blog\/conexao-que-aproxima-celebre-o-dia-das-maes-com-internet-rapida-para-estar-mais-perto-mesmo-de-longe\/#primaryimage","url":"https:\/\/www.viafibra.com.br\/blog\/wp-content\/uploads\/2025\/04\/Banner-15_05-1280x720-1.jpg","contentUrl":"https:\/\/www.viafibra.com.br\/blog\/wp-content\/uploads\/2025\/04\/Banner-15_05-1280x720-1.jpg","width":1280,"height":720},{"@type":"BreadcrumbList","@id":"https:\/\/www.viafibra.com.br\/blog\/conexao-que-aproxima-celebre-o-dia-das-maes-com-internet-rapida-para-estar-mais-perto-mesmo-de-longe\/#breadcrumb","itemListElement":[{"@type":"ListItem","position":1,"name":"In\u00edcio","item":"https:\/\/www.viafibra.com.br\/blog\/"},{"@type":"ListItem","position":2,"name":"Conex\u00e3o que Aproxima: Celebre o Dia das M\u00e3es com Internet R\u00e1pida para Estar Mais Perto, Mesmo de Longe."}]},{"@type":"WebSite","@id":"https:\/\/www.viafibra.com.br\/blog\/#website","url":"https:\/\/www.viafibra.com.br\/blog\/","name":"ViaFibra Blog","description":"","potentialAction":[{"@type":"SearchAction","target":{"@type":"EntryPoint","urlTemplate":"https:\/\/www.viafibra.com.br\/blog\/?s={search_term_string}"},"query-input":{"@type":"PropertyValueSpecification","valueRequired":true,"valueName":"search_term_string"}}],"inLanguage":"pt-BR"},{"@type":"Person","@id":"https:\/\/www.viafibra.com.br\/blog\/#\/schema\/person\/bd583030c995786752abb3742367d6fd","name":"viafibra_admin","image":{"@type":"ImageObject","inLanguage":"pt-BR","@id":"https:\/\/secure.gravatar.com\/avatar\/60358fac3f267925467708f7d18484910b8f175b03ecf02d3de342f46b1d54c4?s=96&d=mm&r=g","url":"https:\/\/secure.gravatar.com\/avatar\/60358fac3f267925467708f7d18484910b8f175b03ecf02d3de342f46b1d54c4?s=96&d=mm&r=g","contentUrl":"https:\/\/secure.gravatar.com\/avatar\/60358fac3f267925467708f7d18484910b8f175b03ecf02d3de342f46b1d54c4?s=96&d=mm&r=g","caption":"viafibra_admin"},"sameAs":["https:\/\/www.viafibra.com.br\/blog"],"url":"https:\/\/www.viafibra.com.br\/blog\/author\/viafibra_admin\/"}]}},"_links":{"self":[{"href":"https:\/\/www.viafibra.com.br\/blog\/wp-json\/wp\/v2\/posts\/199","targetHints":{"allow":["GET"]}}],"collection":[{"href":"https:\/\/www.viafibra.com.br\/blog\/wp-json\/wp\/v2\/posts"}],"about":[{"href":"https:\/\/www.viafibra.com.br\/blog\/wp-json\/wp\/v2\/types\/post"}],"author":[{"embeddable":true,"href":"https:\/\/www.viafibra.com.br\/blog\/wp-json\/wp\/v2\/users\/1"}],"replies":[{"embeddable":true,"href":"https:\/\/www.viafibra.com.br\/blog\/wp-json\/wp\/v2\/comments?post=199"}],"version-history":[{"count":1,"href":"https:\/\/www.viafibra.com.br\/blog\/wp-json\/wp\/v2\/posts\/199\/revisions"}],"predecessor-version":[{"id":603,"href":"https:\/\/www.viafibra.com.br\/blog\/wp-json\/wp\/v2\/posts\/199\/revisions\/603"}],"wp:featuredmedia":[{"embeddable":true,"href":"https:\/\/www.viafibra.com.br\/blog\/wp-json\/wp\/v2\/media\/203"}],"wp:attachment":[{"href":"https:\/\/www.viafibra.com.br\/blog\/wp-json\/wp\/v2\/media?parent=199"}],"wp:term":[{"taxonomy":"category","embeddable":true,"href":"https:\/\/www.viafibra.com.br\/blog\/wp-json\/wp\/v2\/categories?post=199"},{"taxonomy":"post_tag","embeddable":true,"href":"https:\/\/www.viafibra.com.br\/blog\/wp-json\/wp\/v2\/tags?post=199"}],"curies":[{"name":"wp","href":"https:\/\/api.w.org\/{rel}","templated":true}]}}