{"id":168,"date":"2024-09-25T09:13:42","date_gmt":"2024-09-25T12:13:42","guid":{"rendered":"https:\/\/www.viafibra.com.br\/blog\/?p=168"},"modified":"2025-11-18T16:55:41","modified_gmt":"2025-11-18T19:55:41","slug":"dia-do-programador-voce-sabe-quem-foi-a-primeira-pessoa-a-programar","status":"publish","type":"post","link":"https:\/\/www.viafibra.com.br\/blog\/dia-do-programador-voce-sabe-quem-foi-a-primeira-pessoa-a-programar\/","title":{"rendered":"Dia do Programador: Voc\u00ea Sabe Quem Foi a Primeira Pessoa a Programar?"},"content":{"rendered":"\n<p>No dia 13 de setembro (ou 12 de setembro em anos bissextos), os programadores de todo o mundo celebram o <em>Dia do Programador<\/em>, uma data especial dedicada a esses profissionais que s\u00e3o os arquitetos do mundo digital em que vivemos. Se voc\u00ea j\u00e1 se perguntou quem foi a primeira pessoa a programar na hist\u00f3ria, a resposta pode te surpreender: foi uma mulher, Ada Lovelace, considerada a primeira programadora da hist\u00f3ria.<\/p>\n\n\n\n<h4 class=\"wp-block-heading\"><strong>Quem Foi Ada Lovelace?<\/strong><\/h4>\n\n\n\n<p>Ada Lovelace, nascida Augusta Ada Byron em 10 de dezembro de 1815, foi uma matem\u00e1tica e escritora inglesa, filha do famoso poeta Lord Byron. Desde jovem, Ada demonstrou um talento excepcional para as ci\u00eancias e a matem\u00e1tica, \u00e1reas que eram raramente exploradas por mulheres na sua \u00e9poca.<\/p>\n\n\n\n<p>Seu encontro com Charles Babbage, o inventor da &#8220;M\u00e1quina Anal\u00edtica&#8221; \u2014 um precursor dos computadores modernos \u2014 foi decisivo. Fascinada pelas ideias de Babbage, Ada come\u00e7ou a trabalhar ao lado dele, estudando o funcionamento dessa m\u00e1quina inovadora. Em 1843, ela traduziu um artigo do engenheiro italiano Luigi Menabrea sobre a m\u00e1quina de Babbage e adicionou suas pr\u00f3prias notas, que acabaram se tornando tr\u00eas vezes mais extensas que o texto original.<\/p>\n\n\n\n<h4 class=\"wp-block-heading\"><strong>O Primeiro Algoritmo da Hist\u00f3ria<\/strong><\/h4>\n\n\n\n<p>Nas notas adicionadas ao artigo, Ada Lovelace descreveu, com detalhes, como a M\u00e1quina Anal\u00edtica poderia ser programada para calcular uma sequ\u00eancia de n\u00fameros de Bernoulli. Esse procedimento \u00e9 amplamente reconhecido como o primeiro algoritmo especificamente destinado a ser executado por uma m\u00e1quina, tornando Ada a primeira programadora do mundo.<\/p>\n\n\n\n<p>O mais impressionante \u00e9 que Ada vislumbrou, j\u00e1 naquela \u00e9poca, que as m\u00e1quinas poderiam ir al\u00e9m de c\u00e1lculos matem\u00e1ticos, prevendo que poderiam manipular s\u00edmbolos e at\u00e9 criar m\u00fasica. Sua vis\u00e3o ia muito al\u00e9m do que outros cientistas da \u00e9poca poderiam imaginar.<\/p>\n\n\n\n<h4 class=\"wp-block-heading\"><strong>A Evolu\u00e7\u00e3o da Programa\u00e7\u00e3o<\/strong><\/h4>\n\n\n\n<p>Desde Ada Lovelace at\u00e9 hoje, a programa\u00e7\u00e3o evoluiu de forma extraordin\u00e1ria. Passamos de algoritmos simples para complexos sistemas operacionais, linguagens de programa\u00e7\u00e3o modernas, e a cria\u00e7\u00e3o de softwares que impactam todos os aspectos da nossa vida. Hoje, os programadores s\u00e3o respons\u00e1veis por desenvolver desde aplicativos que usamos diariamente at\u00e9 sistemas cr\u00edticos que mant\u00eam empresas e governos funcionando.<\/p>\n\n\n\n<p>A programa\u00e7\u00e3o tamb\u00e9m se democratizou. Hoje, qualquer pessoa com interesse e dedica\u00e7\u00e3o pode aprender a programar, seja por meio de cursos online, bootcamps ou faculdades. Programar se tornou uma habilidade fundamental no mundo moderno, e a demanda por programadores continua a crescer em ritmo acelerado.<\/p>\n\n\n\n<h4 class=\"wp-block-heading\"><strong>O Legado de Ada Lovelace<\/strong><\/h4>\n\n\n\n<p>Ada Lovelace deixou um legado duradouro na hist\u00f3ria da computa\u00e7\u00e3o. Seu trabalho pioneiro inspirou gera\u00e7\u00f5es de programadores e cientistas da computa\u00e7\u00e3o. Em sua homenagem, a linguagem de programa\u00e7\u00e3o &#8220;Ada&#8221;, desenvolvida pelo Departamento de Defesa dos Estados Unidos, foi criada para ser utilizada em sistemas cr\u00edticos onde a confiabilidade \u00e9 crucial, como sistemas de controle de tr\u00e1fego a\u00e9reo e sat\u00e9lites.<\/p>\n\n\n\n<p>Hoje, Ada \u00e9 celebrada n\u00e3o apenas no <em>Dia do Programador<\/em>, mas tamb\u00e9m em 13 de outubro, o <em>Ada Lovelace Day<\/em>, uma data dedicada a reconhecer as contribui\u00e7\u00f5es das mulheres na ci\u00eancia, tecnologia, engenharia e matem\u00e1tica (STEM).<\/p>\n\n\n\n<h4 class=\"wp-block-heading\"><strong>Conclus\u00e3o<\/strong><\/h4>\n\n\n\n<p>O <em>Dia do Programador<\/em> \u00e9 uma oportunidade para refletir sobre o impacto que a programa\u00e7\u00e3o tem em nossas vidas e para homenagear aqueles que dedicam suas carreiras a criar e inovar no campo da tecnologia. \u00c9 tamb\u00e9m um momento para lembrar de Ada Lovelace, a primeira programadora da hist\u00f3ria, cuja vis\u00e3o e intelig\u00eancia abriram caminho para o que hoje conhecemos como ci\u00eancia da computa\u00e7\u00e3o.<\/p>\n\n\n\n<p>Ent\u00e3o, da pr\u00f3xima vez que voc\u00ea utilizar um aplicativo, jogar um videogame ou interagir com qualquer dispositivo digital, lembre-se de que tudo isso come\u00e7ou com uma mulher extraordin\u00e1ria que, em uma \u00e9poca em que poucos podiam imaginar o futuro, vislumbrou um mundo onde m\u00e1quinas poderiam pensar e criar. Feliz Dia do Programador!<\/p>\n","protected":false},"excerpt":{"rendered":"<p>No dia 13 de setembro (ou 12 de setembro em anos bissextos), os programadores de todo o mundo celebram o Dia do Programador, uma data especial dedicada a esses profissionais que s\u00e3o os arquitetos do mundo digital em que vivemos. Se voc\u00ea j\u00e1 se perguntou quem foi a primeira pessoa a programar na hist\u00f3ria, a [&hellip;]<\/p>\n","protected":false},"author":1,"featured_media":713,"comment_status":"open","ping_status":"open","sticky":false,"template":"","format":"standard","meta":{"footnotes":""},"categories":[1],"tags":[],"class_list":["post-168","post","type-post","status-publish","format-standard","has-post-thumbnail","hentry","category-curiosidades"],"yoast_head":"<!-- This site is optimized with the Yoast SEO plugin v27.5 - https:\/\/yoast.com\/product\/yoast-seo-wordpress\/ -->\n<title>Dia do Programador: Voc\u00ea Sabe Quem Foi a Primeira Pessoa a Programar? - ViaFibra Blog<\/title>\n<meta name=\"description\" content=\"No dia 13 de setembro (ou 12 de setembro em anos bissextos), os programadores de todo o mundo celebram o Dia do Programador, uma data especial dedicada a esses profissionais que s\u00e3o os arquitetos do mundo digital em que vivemos.\" \/>\n<meta name=\"robots\" content=\"index, follow, max-snippet:-1, max-image-preview:large, max-video-preview:-1\" \/>\n<link rel=\"canonical\" href=\"https:\/\/www.viafibra.com.br\/blog\/dia-do-programador-voce-sabe-quem-foi-a-primeira-pessoa-a-programar\/\" \/>\n<meta property=\"og:locale\" content=\"pt_BR\" \/>\n<meta property=\"og:type\" content=\"article\" \/>\n<meta property=\"og:title\" content=\"Dia do Programador: Voc\u00ea Sabe Quem Foi a Primeira Pessoa a Programar? - ViaFibra Blog\" \/>\n<meta property=\"og:description\" content=\"No dia 13 de setembro (ou 12 de setembro em anos bissextos), os programadores de todo o mundo celebram o Dia do Programador, uma data especial dedicada a esses profissionais que s\u00e3o os arquitetos do mundo digital em que vivemos.\" \/>\n<meta property=\"og:url\" content=\"https:\/\/www.viafibra.com.br\/blog\/dia-do-programador-voce-sabe-quem-foi-a-primeira-pessoa-a-programar\/\" \/>\n<meta property=\"og:site_name\" content=\"ViaFibra Blog\" \/>\n<meta property=\"article:publisher\" content=\"https:\/\/www.facebook.com\/viafibrainternet\/\" \/>\n<meta property=\"article:published_time\" content=\"2024-09-25T12:13:42+00:00\" \/>\n<meta property=\"article:modified_time\" content=\"2025-11-18T19:55:41+00:00\" \/>\n<meta property=\"og:image\" content=\"https:\/\/www.viafibra.com.br\/blog\/wp-content\/uploads\/2024\/09\/young-man-mobile-developer-writes-program-code-on-2024-11-27-09-38-09-utc-1-scaled.jpg\" \/>\n\t<meta property=\"og:image:width\" content=\"2560\" \/>\n\t<meta property=\"og:image:height\" content=\"1707\" \/>\n\t<meta property=\"og:image:type\" content=\"image\/jpeg\" \/>\n<meta name=\"author\" content=\"viafibra_admin\" \/>\n<meta name=\"twitter:card\" content=\"summary_large_image\" \/>\n<meta name=\"twitter:label1\" content=\"Escrito por\" \/>\n\t<meta name=\"twitter:data1\" content=\"viafibra_admin\" \/>\n\t<meta name=\"twitter:label2\" content=\"Est. tempo de leitura\" \/>\n\t<meta name=\"twitter:data2\" content=\"4 minutos\" \/>\n<script type=\"application\/ld+json\" class=\"yoast-schema-graph\">{\"@context\":\"https:\\\/\\\/schema.org\",\"@graph\":[{\"@type\":\"Article\",\"@id\":\"https:\\\/\\\/www.viafibra.com.br\\\/blog\\\/dia-do-programador-voce-sabe-quem-foi-a-primeira-pessoa-a-programar\\\/#article\",\"isPartOf\":{\"@id\":\"https:\\\/\\\/www.viafibra.com.br\\\/blog\\\/dia-do-programador-voce-sabe-quem-foi-a-primeira-pessoa-a-programar\\\/\"},\"author\":{\"name\":\"viafibra_admin\",\"@id\":\"https:\\\/\\\/www.viafibra.com.br\\\/blog\\\/#\\\/schema\\\/person\\\/bd583030c995786752abb3742367d6fd\"},\"headline\":\"Dia do Programador: Voc\u00ea Sabe Quem Foi a Primeira Pessoa a Programar?\",\"datePublished\":\"2024-09-25T12:13:42+00:00\",\"dateModified\":\"2025-11-18T19:55:41+00:00\",\"mainEntityOfPage\":{\"@id\":\"https:\\\/\\\/www.viafibra.com.br\\\/blog\\\/dia-do-programador-voce-sabe-quem-foi-a-primeira-pessoa-a-programar\\\/\"},\"wordCount\":674,\"commentCount\":0,\"image\":{\"@id\":\"https:\\\/\\\/www.viafibra.com.br\\\/blog\\\/dia-do-programador-voce-sabe-quem-foi-a-primeira-pessoa-a-programar\\\/#primaryimage\"},\"thumbnailUrl\":\"https:\\\/\\\/www.viafibra.com.br\\\/blog\\\/wp-content\\\/uploads\\\/2024\\\/09\\\/young-man-mobile-developer-writes-program-code-on-2024-11-27-09-38-09-utc-1-scaled.jpg\",\"articleSection\":[\"Curiosidades\"],\"inLanguage\":\"pt-BR\",\"potentialAction\":[{\"@type\":\"CommentAction\",\"name\":\"Comment\",\"target\":[\"https:\\\/\\\/www.viafibra.com.br\\\/blog\\\/dia-do-programador-voce-sabe-quem-foi-a-primeira-pessoa-a-programar\\\/#respond\"]}]},{\"@type\":\"WebPage\",\"@id\":\"https:\\\/\\\/www.viafibra.com.br\\\/blog\\\/dia-do-programador-voce-sabe-quem-foi-a-primeira-pessoa-a-programar\\\/\",\"url\":\"https:\\\/\\\/www.viafibra.com.br\\\/blog\\\/dia-do-programador-voce-sabe-quem-foi-a-primeira-pessoa-a-programar\\\/\",\"name\":\"Dia do Programador: Voc\u00ea Sabe Quem Foi a Primeira Pessoa a Programar? - ViaFibra Blog\",\"isPartOf\":{\"@id\":\"https:\\\/\\\/www.viafibra.com.br\\\/blog\\\/#website\"},\"primaryImageOfPage\":{\"@id\":\"https:\\\/\\\/www.viafibra.com.br\\\/blog\\\/dia-do-programador-voce-sabe-quem-foi-a-primeira-pessoa-a-programar\\\/#primaryimage\"},\"image\":{\"@id\":\"https:\\\/\\\/www.viafibra.com.br\\\/blog\\\/dia-do-programador-voce-sabe-quem-foi-a-primeira-pessoa-a-programar\\\/#primaryimage\"},\"thumbnailUrl\":\"https:\\\/\\\/www.viafibra.com.br\\\/blog\\\/wp-content\\\/uploads\\\/2024\\\/09\\\/young-man-mobile-developer-writes-program-code-on-2024-11-27-09-38-09-utc-1-scaled.jpg\",\"datePublished\":\"2024-09-25T12:13:42+00:00\",\"dateModified\":\"2025-11-18T19:55:41+00:00\",\"author\":{\"@id\":\"https:\\\/\\\/www.viafibra.com.br\\\/blog\\\/#\\\/schema\\\/person\\\/bd583030c995786752abb3742367d6fd\"},\"description\":\"No dia 13 de setembro (ou 12 de setembro em anos bissextos), os programadores de todo o mundo celebram o Dia do Programador, uma data especial dedicada a esses profissionais que s\u00e3o os arquitetos do mundo digital em que vivemos.\",\"breadcrumb\":{\"@id\":\"https:\\\/\\\/www.viafibra.com.br\\\/blog\\\/dia-do-programador-voce-sabe-quem-foi-a-primeira-pessoa-a-programar\\\/#breadcrumb\"},\"inLanguage\":\"pt-BR\",\"potentialAction\":[{\"@type\":\"ReadAction\",\"target\":[\"https:\\\/\\\/www.viafibra.com.br\\\/blog\\\/dia-do-programador-voce-sabe-quem-foi-a-primeira-pessoa-a-programar\\\/\"]}]},{\"@type\":\"ImageObject\",\"inLanguage\":\"pt-BR\",\"@id\":\"https:\\\/\\\/www.viafibra.com.br\\\/blog\\\/dia-do-programador-voce-sabe-quem-foi-a-primeira-pessoa-a-programar\\\/#primaryimage\",\"url\":\"https:\\\/\\\/www.viafibra.com.br\\\/blog\\\/wp-content\\\/uploads\\\/2024\\\/09\\\/young-man-mobile-developer-writes-program-code-on-2024-11-27-09-38-09-utc-1-scaled.jpg\",\"contentUrl\":\"https:\\\/\\\/www.viafibra.com.br\\\/blog\\\/wp-content\\\/uploads\\\/2024\\\/09\\\/young-man-mobile-developer-writes-program-code-on-2024-11-27-09-38-09-utc-1-scaled.jpg\",\"width\":2560,\"height\":1707},{\"@type\":\"BreadcrumbList\",\"@id\":\"https:\\\/\\\/www.viafibra.com.br\\\/blog\\\/dia-do-programador-voce-sabe-quem-foi-a-primeira-pessoa-a-programar\\\/#breadcrumb\",\"itemListElement\":[{\"@type\":\"ListItem\",\"position\":1,\"name\":\"In\u00edcio\",\"item\":\"https:\\\/\\\/www.viafibra.com.br\\\/blog\\\/\"},{\"@type\":\"ListItem\",\"position\":2,\"name\":\"Dia do Programador: Voc\u00ea Sabe Quem Foi a Primeira Pessoa a Programar?\"}]},{\"@type\":\"WebSite\",\"@id\":\"https:\\\/\\\/www.viafibra.com.br\\\/blog\\\/#website\",\"url\":\"https:\\\/\\\/www.viafibra.com.br\\\/blog\\\/\",\"name\":\"ViaFibra Blog\",\"description\":\"\",\"potentialAction\":[{\"@type\":\"SearchAction\",\"target\":{\"@type\":\"EntryPoint\",\"urlTemplate\":\"https:\\\/\\\/www.viafibra.com.br\\\/blog\\\/?s={search_term_string}\"},\"query-input\":{\"@type\":\"PropertyValueSpecification\",\"valueRequired\":true,\"valueName\":\"search_term_string\"}}],\"inLanguage\":\"pt-BR\"},{\"@type\":\"Person\",\"@id\":\"https:\\\/\\\/www.viafibra.com.br\\\/blog\\\/#\\\/schema\\\/person\\\/bd583030c995786752abb3742367d6fd\",\"name\":\"viafibra_admin\",\"image\":{\"@type\":\"ImageObject\",\"inLanguage\":\"pt-BR\",\"@id\":\"https:\\\/\\\/secure.gravatar.com\\\/avatar\\\/60358fac3f267925467708f7d18484910b8f175b03ecf02d3de342f46b1d54c4?s=96&d=mm&r=g\",\"url\":\"https:\\\/\\\/secure.gravatar.com\\\/avatar\\\/60358fac3f267925467708f7d18484910b8f175b03ecf02d3de342f46b1d54c4?s=96&d=mm&r=g\",\"contentUrl\":\"https:\\\/\\\/secure.gravatar.com\\\/avatar\\\/60358fac3f267925467708f7d18484910b8f175b03ecf02d3de342f46b1d54c4?s=96&d=mm&r=g\",\"caption\":\"viafibra_admin\"},\"sameAs\":[\"https:\\\/\\\/www.viafibra.com.br\\\/blog\"],\"url\":\"https:\\\/\\\/www.viafibra.com.br\\\/blog\\\/author\\\/viafibra_admin\\\/\"}]}<\/script>\n<!-- \/ Yoast SEO plugin. -->","yoast_head_json":{"title":"Dia do Programador: Voc\u00ea Sabe Quem Foi a Primeira Pessoa a Programar? - ViaFibra Blog","description":"No dia 13 de setembro (ou 12 de setembro em anos bissextos), os programadores de todo o mundo celebram o Dia do Programador, uma data especial dedicada a esses profissionais que s\u00e3o os arquitetos do mundo digital em que vivemos.","robots":{"index":"index","follow":"follow","max-snippet":"max-snippet:-1","max-image-preview":"max-image-preview:large","max-video-preview":"max-video-preview:-1"},"canonical":"https:\/\/www.viafibra.com.br\/blog\/dia-do-programador-voce-sabe-quem-foi-a-primeira-pessoa-a-programar\/","og_locale":"pt_BR","og_type":"article","og_title":"Dia do Programador: Voc\u00ea Sabe Quem Foi a Primeira Pessoa a Programar? - ViaFibra Blog","og_description":"No dia 13 de setembro (ou 12 de setembro em anos bissextos), os programadores de todo o mundo celebram o Dia do Programador, uma data especial dedicada a esses profissionais que s\u00e3o os arquitetos do mundo digital em que vivemos.","og_url":"https:\/\/www.viafibra.com.br\/blog\/dia-do-programador-voce-sabe-quem-foi-a-primeira-pessoa-a-programar\/","og_site_name":"ViaFibra Blog","article_publisher":"https:\/\/www.facebook.com\/viafibrainternet\/","article_published_time":"2024-09-25T12:13:42+00:00","article_modified_time":"2025-11-18T19:55:41+00:00","og_image":[{"width":2560,"height":1707,"url":"https:\/\/www.viafibra.com.br\/blog\/wp-content\/uploads\/2024\/09\/young-man-mobile-developer-writes-program-code-on-2024-11-27-09-38-09-utc-1-scaled.jpg","type":"image\/jpeg"}],"author":"viafibra_admin","twitter_card":"summary_large_image","twitter_misc":{"Escrito por":"viafibra_admin","Est. tempo de leitura":"4 minutos"},"schema":{"@context":"https:\/\/schema.org","@graph":[{"@type":"Article","@id":"https:\/\/www.viafibra.com.br\/blog\/dia-do-programador-voce-sabe-quem-foi-a-primeira-pessoa-a-programar\/#article","isPartOf":{"@id":"https:\/\/www.viafibra.com.br\/blog\/dia-do-programador-voce-sabe-quem-foi-a-primeira-pessoa-a-programar\/"},"author":{"name":"viafibra_admin","@id":"https:\/\/www.viafibra.com.br\/blog\/#\/schema\/person\/bd583030c995786752abb3742367d6fd"},"headline":"Dia do Programador: Voc\u00ea Sabe Quem Foi a Primeira Pessoa a Programar?","datePublished":"2024-09-25T12:13:42+00:00","dateModified":"2025-11-18T19:55:41+00:00","mainEntityOfPage":{"@id":"https:\/\/www.viafibra.com.br\/blog\/dia-do-programador-voce-sabe-quem-foi-a-primeira-pessoa-a-programar\/"},"wordCount":674,"commentCount":0,"image":{"@id":"https:\/\/www.viafibra.com.br\/blog\/dia-do-programador-voce-sabe-quem-foi-a-primeira-pessoa-a-programar\/#primaryimage"},"thumbnailUrl":"https:\/\/www.viafibra.com.br\/blog\/wp-content\/uploads\/2024\/09\/young-man-mobile-developer-writes-program-code-on-2024-11-27-09-38-09-utc-1-scaled.jpg","articleSection":["Curiosidades"],"inLanguage":"pt-BR","potentialAction":[{"@type":"CommentAction","name":"Comment","target":["https:\/\/www.viafibra.com.br\/blog\/dia-do-programador-voce-sabe-quem-foi-a-primeira-pessoa-a-programar\/#respond"]}]},{"@type":"WebPage","@id":"https:\/\/www.viafibra.com.br\/blog\/dia-do-programador-voce-sabe-quem-foi-a-primeira-pessoa-a-programar\/","url":"https:\/\/www.viafibra.com.br\/blog\/dia-do-programador-voce-sabe-quem-foi-a-primeira-pessoa-a-programar\/","name":"Dia do Programador: Voc\u00ea Sabe Quem Foi a Primeira Pessoa a Programar? - ViaFibra Blog","isPartOf":{"@id":"https:\/\/www.viafibra.com.br\/blog\/#website"},"primaryImageOfPage":{"@id":"https:\/\/www.viafibra.com.br\/blog\/dia-do-programador-voce-sabe-quem-foi-a-primeira-pessoa-a-programar\/#primaryimage"},"image":{"@id":"https:\/\/www.viafibra.com.br\/blog\/dia-do-programador-voce-sabe-quem-foi-a-primeira-pessoa-a-programar\/#primaryimage"},"thumbnailUrl":"https:\/\/www.viafibra.com.br\/blog\/wp-content\/uploads\/2024\/09\/young-man-mobile-developer-writes-program-code-on-2024-11-27-09-38-09-utc-1-scaled.jpg","datePublished":"2024-09-25T12:13:42+00:00","dateModified":"2025-11-18T19:55:41+00:00","author":{"@id":"https:\/\/www.viafibra.com.br\/blog\/#\/schema\/person\/bd583030c995786752abb3742367d6fd"},"description":"No dia 13 de setembro (ou 12 de setembro em anos bissextos), os programadores de todo o mundo celebram o Dia do Programador, uma data especial dedicada a esses profissionais que s\u00e3o os arquitetos do mundo digital em que vivemos.","breadcrumb":{"@id":"https:\/\/www.viafibra.com.br\/blog\/dia-do-programador-voce-sabe-quem-foi-a-primeira-pessoa-a-programar\/#breadcrumb"},"inLanguage":"pt-BR","potentialAction":[{"@type":"ReadAction","target":["https:\/\/www.viafibra.com.br\/blog\/dia-do-programador-voce-sabe-quem-foi-a-primeira-pessoa-a-programar\/"]}]},{"@type":"ImageObject","inLanguage":"pt-BR","@id":"https:\/\/www.viafibra.com.br\/blog\/dia-do-programador-voce-sabe-quem-foi-a-primeira-pessoa-a-programar\/#primaryimage","url":"https:\/\/www.viafibra.com.br\/blog\/wp-content\/uploads\/2024\/09\/young-man-mobile-developer-writes-program-code-on-2024-11-27-09-38-09-utc-1-scaled.jpg","contentUrl":"https:\/\/www.viafibra.com.br\/blog\/wp-content\/uploads\/2024\/09\/young-man-mobile-developer-writes-program-code-on-2024-11-27-09-38-09-utc-1-scaled.jpg","width":2560,"height":1707},{"@type":"BreadcrumbList","@id":"https:\/\/www.viafibra.com.br\/blog\/dia-do-programador-voce-sabe-quem-foi-a-primeira-pessoa-a-programar\/#breadcrumb","itemListElement":[{"@type":"ListItem","position":1,"name":"In\u00edcio","item":"https:\/\/www.viafibra.com.br\/blog\/"},{"@type":"ListItem","position":2,"name":"Dia do Programador: Voc\u00ea Sabe Quem Foi a Primeira Pessoa a Programar?"}]},{"@type":"WebSite","@id":"https:\/\/www.viafibra.com.br\/blog\/#website","url":"https:\/\/www.viafibra.com.br\/blog\/","name":"ViaFibra Blog","description":"","potentialAction":[{"@type":"SearchAction","target":{"@type":"EntryPoint","urlTemplate":"https:\/\/www.viafibra.com.br\/blog\/?s={search_term_string}"},"query-input":{"@type":"PropertyValueSpecification","valueRequired":true,"valueName":"search_term_string"}}],"inLanguage":"pt-BR"},{"@type":"Person","@id":"https:\/\/www.viafibra.com.br\/blog\/#\/schema\/person\/bd583030c995786752abb3742367d6fd","name":"viafibra_admin","image":{"@type":"ImageObject","inLanguage":"pt-BR","@id":"https:\/\/secure.gravatar.com\/avatar\/60358fac3f267925467708f7d18484910b8f175b03ecf02d3de342f46b1d54c4?s=96&d=mm&r=g","url":"https:\/\/secure.gravatar.com\/avatar\/60358fac3f267925467708f7d18484910b8f175b03ecf02d3de342f46b1d54c4?s=96&d=mm&r=g","contentUrl":"https:\/\/secure.gravatar.com\/avatar\/60358fac3f267925467708f7d18484910b8f175b03ecf02d3de342f46b1d54c4?s=96&d=mm&r=g","caption":"viafibra_admin"},"sameAs":["https:\/\/www.viafibra.com.br\/blog"],"url":"https:\/\/www.viafibra.com.br\/blog\/author\/viafibra_admin\/"}]}},"_links":{"self":[{"href":"https:\/\/www.viafibra.com.br\/blog\/wp-json\/wp\/v2\/posts\/168","targetHints":{"allow":["GET"]}}],"collection":[{"href":"https:\/\/www.viafibra.com.br\/blog\/wp-json\/wp\/v2\/posts"}],"about":[{"href":"https:\/\/www.viafibra.com.br\/blog\/wp-json\/wp\/v2\/types\/post"}],"author":[{"embeddable":true,"href":"https:\/\/www.viafibra.com.br\/blog\/wp-json\/wp\/v2\/users\/1"}],"replies":[{"embeddable":true,"href":"https:\/\/www.viafibra.com.br\/blog\/wp-json\/wp\/v2\/comments?post=168"}],"version-history":[{"count":1,"href":"https:\/\/www.viafibra.com.br\/blog\/wp-json\/wp\/v2\/posts\/168\/revisions"}],"predecessor-version":[{"id":612,"href":"https:\/\/www.viafibra.com.br\/blog\/wp-json\/wp\/v2\/posts\/168\/revisions\/612"}],"wp:featuredmedia":[{"embeddable":true,"href":"https:\/\/www.viafibra.com.br\/blog\/wp-json\/wp\/v2\/media\/713"}],"wp:attachment":[{"href":"https:\/\/www.viafibra.com.br\/blog\/wp-json\/wp\/v2\/media?parent=168"}],"wp:term":[{"taxonomy":"category","embeddable":true,"href":"https:\/\/www.viafibra.com.br\/blog\/wp-json\/wp\/v2\/categories?post=168"},{"taxonomy":"post_tag","embeddable":true,"href":"https:\/\/www.viafibra.com.br\/blog\/wp-json\/wp\/v2\/tags?post=168"}],"curies":[{"name":"wp","href":"https:\/\/api.w.org\/{rel}","templated":true}]}}